{"id":1198,"date":"2017-01-09T18:29:04","date_gmt":"2017-01-09T16:29:04","guid":{"rendered":"http:\/\/szentistvan.dnyem.hu\/?p=1198"},"modified":"2017-01-09T18:29:04","modified_gmt":"2017-01-09T16:29:04","slug":"a-16-gyermekes-csalad-megsegitese","status":"publish","type":"post","link":"https:\/\/szentistvan.dnyem.hu\/?p=1198","title":{"rendered":"A 16 gyermekes csal\u00e1d megseg\u00edt\u00e9se"},"content":{"rendered":"<p>A 16 gyermekes f\u00fcl\u00f6pi Macz\u00f3 csal\u00e1d r\u00e9sz\u00e9re az al\u00e1bbi sz\u00e1mlasz\u00e1mon tehetik meg felaj\u00e1nl\u00e1saikat.<\/p>\n<p>DEBRECEN-NY\u00cdREGYH\u00c1ZI EGYH\u00c1ZMEGYEI KARIT\u00c1SZ 10702071-18792069-52000001<\/p>\n<p>HU18-1070-2071-1879-2069-5200-0001<\/p>\n<p>K\u00f6zlem\u00e9ny rovatba be\u00edrand\u00f3: Macz\u00f3 csal\u00e1d<\/p>\n","protected":false},"excerpt":{"rendered":"<p>A 16 gyermekes f\u00fcl\u00f6pi Macz\u00f3 csal\u00e1d r\u00e9sz\u00e9re az al\u00e1bbi sz\u00e1mlasz\u00e1mon tehetik meg felaj\u00e1nl\u00e1saikat. DEBRECEN-NY\u00cdREGYH\u00c1ZI EGYH\u00c1ZMEGYEI KARIT\u00c1SZ 10702071-18792069-52000001 HU18-1070-2071-1879-2069-5200-0001 K\u00f6zlem\u00e9ny rovatba be\u00edrand\u00f3: Macz\u00f3 csal\u00e1d<\/p>\n","protected":false},"author":2,"featured_media":0,"comment_status":"closed","ping_status":"open","sticky":false,"template":"","format":"standard","meta":[],"categories":[1,7],"tags":[],"_links":{"self":[{"href":"https:\/\/szentistvan.dnyem.hu\/index.php?rest_route=\/wp\/v2\/posts\/1198"}],"collection":[{"href":"https:\/\/szentistvan.dnyem.hu\/index.php?rest_route=\/wp\/v2\/posts"}],"about":[{"href":"https:\/\/szentistvan.dnyem.hu\/index.php?rest_route=\/wp\/v2\/types\/post"}],"author":[{"embeddable":true,"href":"https:\/\/szentistvan.dnyem.hu\/index.php?rest_route=\/wp\/v2\/users\/2"}],"replies":[{"embeddable":true,"href":"https:\/\/szentistvan.dnyem.hu\/index.php?rest_route=%2Fwp%2Fv2%2Fcomments&post=1198"}],"version-history":[{"count":1,"href":"https:\/\/szentistvan.dnyem.hu\/index.php?rest_route=\/wp\/v2\/posts\/1198\/revisions"}],"predecessor-version":[{"id":1199,"href":"https:\/\/szentistvan.dnyem.hu\/index.php?rest_route=\/wp\/v2\/posts\/1198\/revisions\/1199"}],"wp:attachment":[{"href":"https:\/\/szentistvan.dnyem.hu\/index.php?rest_route=%2Fwp%2Fv2%2Fmedia&parent=1198"}],"wp:term":[{"taxonomy":"category","embeddable":true,"href":"https:\/\/szentistvan.dnyem.hu\/index.php?rest_route=%2Fwp%2Fv2%2Fcategories&post=1198"},{"taxonomy":"post_tag","embeddable":true,"href":"https:\/\/szentistvan.dnyem.hu\/index.php?rest_route=%2Fwp%2Fv2%2Ftags&post=1198"}],"curies":[{"name":"wp","href":"https:\/\/api.w.org\/{rel}","templated":true}]}}