{"id":1190,"date":"2017-01-09T18:21:10","date_gmt":"2017-01-09T16:21:10","guid":{"rendered":"http:\/\/szentistvan.dnyem.hu\/?p=1190"},"modified":"2017-01-09T18:21:10","modified_gmt":"2017-01-09T16:21:10","slug":"jatekdelutan","status":"publish","type":"post","link":"https:\/\/szentistvan.dnyem.hu\/?p=1190","title":{"rendered":"J\u00e1t\u00e9kd\u00e9lut\u00e1n"},"content":{"rendered":"<p><strong>Janu\u00e1r 14-\u00e9n, szombaton d\u00e9lut\u00e1n 15.30-t\u00f3l<\/strong> gyerekeknek j\u00e1t\u00e9kd\u00e9lut\u00e1n a pl\u00e9b\u00e1ni\u00e1n.<\/p>\n<p>Ugyanekkor \u00e9s ugyanitt a gyermeknevel\u0151 sz\u0151l\u0151k soron k\u00f6vetkez\u0151 tal\u00e1lkoz\u00f3ja, amelyre h\u00edvom \u00e9s v\u00e1rom \u0151ket.<\/p>\n<p>T\u00e9m\u00e1nk lesz az \u00f6kumen\u00e9.<\/p>\n","protected":false},"excerpt":{"rendered":"<p>Janu\u00e1r 14-\u00e9n, szombaton d\u00e9lut\u00e1n 15.30-t\u00f3l gyerekeknek j\u00e1t\u00e9kd\u00e9lut\u00e1n a pl\u00e9b\u00e1ni\u00e1n. Ugyanekkor \u00e9s ugyanitt a gyermeknevel\u0151 sz\u0151l\u0151k soron k\u00f6vetkez\u0151 tal\u00e1lkoz\u00f3ja, amelyre h\u00edvom \u00e9s v\u00e1rom \u0151ket. T\u00e9m\u00e1nk lesz&#8230;<\/p>\n","protected":false},"author":2,"featured_media":0,"comment_status":"closed","ping_status":"open","sticky":false,"template":"","format":"standard","meta":[],"categories":[2],"tags":[],"_links":{"self":[{"href":"https:\/\/szentistvan.dnyem.hu\/index.php?rest_route=\/wp\/v2\/posts\/1190"}],"collection":[{"href":"https:\/\/szentistvan.dnyem.hu\/index.php?rest_route=\/wp\/v2\/posts"}],"about":[{"href":"https:\/\/szentistvan.dnyem.hu\/index.php?rest_route=\/wp\/v2\/types\/post"}],"author":[{"embeddable":true,"href":"https:\/\/szentistvan.dnyem.hu\/index.php?rest_route=\/wp\/v2\/users\/2"}],"replies":[{"embeddable":true,"href":"https:\/\/szentistvan.dnyem.hu\/index.php?rest_route=%2Fwp%2Fv2%2Fcomments&post=1190"}],"version-history":[{"count":1,"href":"https:\/\/szentistvan.dnyem.hu\/index.php?rest_route=\/wp\/v2\/posts\/1190\/revisions"}],"predecessor-version":[{"id":1191,"href":"https:\/\/szentistvan.dnyem.hu\/index.php?rest_route=\/wp\/v2\/posts\/1190\/revisions\/1191"}],"wp:attachment":[{"href":"https:\/\/szentistvan.dnyem.hu\/index.php?rest_route=%2Fwp%2Fv2%2Fmedia&parent=1190"}],"wp:term":[{"taxonomy":"category","embeddable":true,"href":"https:\/\/szentistvan.dnyem.hu\/index.php?rest_route=%2Fwp%2Fv2%2Fcategories&post=1190"},{"taxonomy":"post_tag","embeddable":true,"href":"https:\/\/szentistvan.dnyem.hu\/index.php?rest_route=%2Fwp%2Fv2%2Ftags&post=1190"}],"curies":[{"name":"wp","href":"https:\/\/api.w.org\/{rel}","templated":true}]}}