{"id":1106,"date":"2016-11-27T21:50:38","date_gmt":"2016-11-27T19:50:38","guid":{"rendered":"http:\/\/szentistvan.dnyem.hu\/?p=1106"},"modified":"2016-11-27T21:50:38","modified_gmt":"2016-11-27T19:50:38","slug":"varosi-adventi-koszoru-1-gyertyajanak-meggyujtasa","status":"publish","type":"post","link":"https:\/\/szentistvan.dnyem.hu\/?p=1106","title":{"rendered":"V\u00e1rosi adventi koszor\u00fa 1. gyerty\u00e1j\u00e1nak meggy\u00fajt\u00e1sa"},"content":{"rendered":"<p><strong>November 27-\u00e9n (advent 1. vas\u00e1rnapj\u00e1n) <\/strong><\/p>\n<p><strong>17:30-kor a v\u00e1rosi adventi koszor\u00fa 1. gyerty\u00e1j\u00e1nak meggy\u00fajt\u00e1sa 3 p\u00fcsp\u00f6k r\u00e9szv\u00e9tel\u00e9vel a Kossuth t\u00e9ren \u00e9s <\/strong><\/p>\n<p><strong>18:00-t\u00f3l \u00f6kumenikus adventnyit\u00f3 a Nagytemplomban.<\/strong><\/p>\n","protected":false},"excerpt":{"rendered":"<p>November 27-\u00e9n (advent 1. vas\u00e1rnapj\u00e1n) 17:30-kor a v\u00e1rosi adventi koszor\u00fa 1. gyerty\u00e1j\u00e1nak meggy\u00fajt\u00e1sa 3 p\u00fcsp\u00f6k r\u00e9szv\u00e9tel\u00e9vel a Kossuth t\u00e9ren \u00e9s 18:00-t\u00f3l \u00f6kumenikus adventnyit\u00f3 a Nagytemplomban.<\/p>\n","protected":false},"author":2,"featured_media":0,"comment_status":"closed","ping_status":"open","sticky":false,"template":"","format":"standard","meta":[],"categories":[2],"tags":[],"_links":{"self":[{"href":"https:\/\/szentistvan.dnyem.hu\/index.php?rest_route=\/wp\/v2\/posts\/1106"}],"collection":[{"href":"https:\/\/szentistvan.dnyem.hu\/index.php?rest_route=\/wp\/v2\/posts"}],"about":[{"href":"https:\/\/szentistvan.dnyem.hu\/index.php?rest_route=\/wp\/v2\/types\/post"}],"author":[{"embeddable":true,"href":"https:\/\/szentistvan.dnyem.hu\/index.php?rest_route=\/wp\/v2\/users\/2"}],"replies":[{"embeddable":true,"href":"https:\/\/szentistvan.dnyem.hu\/index.php?rest_route=%2Fwp%2Fv2%2Fcomments&post=1106"}],"version-history":[{"count":1,"href":"https:\/\/szentistvan.dnyem.hu\/index.php?rest_route=\/wp\/v2\/posts\/1106\/revisions"}],"predecessor-version":[{"id":1107,"href":"https:\/\/szentistvan.dnyem.hu\/index.php?rest_route=\/wp\/v2\/posts\/1106\/revisions\/1107"}],"wp:attachment":[{"href":"https:\/\/szentistvan.dnyem.hu\/index.php?rest_route=%2Fwp%2Fv2%2Fmedia&parent=1106"}],"wp:term":[{"taxonomy":"category","embeddable":true,"href":"https:\/\/szentistvan.dnyem.hu\/index.php?rest_route=%2Fwp%2Fv2%2Fcategories&post=1106"},{"taxonomy":"post_tag","embeddable":true,"href":"https:\/\/szentistvan.dnyem.hu\/index.php?rest_route=%2Fwp%2Fv2%2Ftags&post=1106"}],"curies":[{"name":"wp","href":"https:\/\/api.w.org\/{rel}","templated":true}]}}