{"id":1098,"date":"2016-11-22T18:58:43","date_gmt":"2016-11-22T16:58:43","guid":{"rendered":"http:\/\/szentistvan.dnyem.hu\/?p=1098"},"modified":"2016-11-27T21:53:30","modified_gmt":"2016-11-27T19:53:30","slug":"mikulas-a-gyermekeknek-es-konzert","status":"publish","type":"post","link":"https:\/\/szentistvan.dnyem.hu\/?p=1098","title":{"rendered":"Mikul\u00e1s a gyermekeknek"},"content":{"rendered":"<p><strong>December 4-\u00e9n a szentmise ut\u00e1n<\/strong> Mikul\u00e1s a gyerekeknek.<\/p>\n","protected":false},"excerpt":{"rendered":"<p>December 4-\u00e9n a szentmise ut\u00e1n Mikul\u00e1s a gyerekeknek.<\/p>\n","protected":false},"author":2,"featured_media":0,"comment_status":"closed","ping_status":"open","sticky":false,"template":"","format":"standard","meta":[],"categories":[2],"tags":[],"_links":{"self":[{"href":"https:\/\/szentistvan.dnyem.hu\/index.php?rest_route=\/wp\/v2\/posts\/1098"}],"collection":[{"href":"https:\/\/szentistvan.dnyem.hu\/index.php?rest_route=\/wp\/v2\/posts"}],"about":[{"href":"https:\/\/szentistvan.dnyem.hu\/index.php?rest_route=\/wp\/v2\/types\/post"}],"author":[{"embeddable":true,"href":"https:\/\/szentistvan.dnyem.hu\/index.php?rest_route=\/wp\/v2\/users\/2"}],"replies":[{"embeddable":true,"href":"https:\/\/szentistvan.dnyem.hu\/index.php?rest_route=%2Fwp%2Fv2%2Fcomments&post=1098"}],"version-history":[{"count":2,"href":"https:\/\/szentistvan.dnyem.hu\/index.php?rest_route=\/wp\/v2\/posts\/1098\/revisions"}],"predecessor-version":[{"id":1109,"href":"https:\/\/szentistvan.dnyem.hu\/index.php?rest_route=\/wp\/v2\/posts\/1098\/revisions\/1109"}],"wp:attachment":[{"href":"https:\/\/szentistvan.dnyem.hu\/index.php?rest_route=%2Fwp%2Fv2%2Fmedia&parent=1098"}],"wp:term":[{"taxonomy":"category","embeddable":true,"href":"https:\/\/szentistvan.dnyem.hu\/index.php?rest_route=%2Fwp%2Fv2%2Fcategories&post=1098"},{"taxonomy":"post_tag","embeddable":true,"href":"https:\/\/szentistvan.dnyem.hu\/index.php?rest_route=%2Fwp%2Fv2%2Ftags&post=1098"}],"curies":[{"name":"wp","href":"https:\/\/api.w.org\/{rel}","templated":true}]}}