{"id":1077,"date":"2016-11-11T15:50:04","date_gmt":"2016-11-11T13:50:04","guid":{"rendered":"http:\/\/szentistvan.dnyem.hu\/?p=1077"},"modified":"2016-11-11T15:50:04","modified_gmt":"2016-11-11T13:50:04","slug":"lelkigyakorlat-nyirszoloson","status":"publish","type":"post","link":"https:\/\/szentistvan.dnyem.hu\/?p=1077","title":{"rendered":"Lelkigyakorlat Ny\u00edrsz\u0151l\u0151s\u00f6n"},"content":{"rendered":"<p><strong>A Debrecen-Ny\u00edregyh\u00e1zi Egyh\u00e1zmegyei Karit\u00e1sz 2016. november 3-5 k\u00f6z\u00f6tt h\u00e1romnapos lelkigyakorlatot tartott a Katolikus Karit\u00e1sz jubileumi \u00e9v\u00e9ben az Irgalmass\u00e1g Szent\u00e9v\u00e9hez kapcsol\u00f3dva Ny\u00edregyh\u00e1za-Ny\u00edrsz\u0151l\u0151s\u00f6n, a\u00a0Buczk\u00f3 Atan\u00e1z K\u00f6z\u00f6ss\u00e9gi \u00e9s Zar\u00e1ndokh\u00e1zban.<\/strong><\/p>\n<p><strong>A lelkigyakorlat t\u00e9m\u00e1ja :\u00a0az Irgalmass\u00e1g cselekedetei a Karit\u00e1sz testv\u00e9rek\u00a0 szolg\u00e1lat\u00e1ban az Irgalmass\u00e1g Szent\u00e9v\u00e9ben.<\/strong><\/p>\n<p>A lelkigyakorlatot Tak\u00e1cs J\u00e1nos rakamazi pl\u00e9b\u00e1nos atya tartotta, melyen\u00a0\u00a0<strong>a \u00a0Szent Istv\u00e1n Pl\u00e9b\u00e1nia karit\u00e1sz csoportj\u00e1b\u00f3l Vajain\u00e9 Erika, Vajai Andr\u00e1s \u00e9s Kizman P\u00e1l vettek r\u00e9szt.<\/strong><\/p>\n<p><img loading=\"lazy\" class=\"size-medium wp-image-1078 aligncenter\" src=\"http:\/\/szentistvan.dnyem.hu\/wp-content\/uploads\/2016\/11\/IMG_20161104_1906191-540x405.jpg\" alt=\"img_20161104_1906191\" width=\"540\" height=\"405\" srcset=\"https:\/\/szentistvan.dnyem.hu\/wp-content\/uploads\/2016\/11\/IMG_20161104_1906191-540x405.jpg 540w, https:\/\/szentistvan.dnyem.hu\/wp-content\/uploads\/2016\/11\/IMG_20161104_1906191-768x576.jpg 768w, https:\/\/szentistvan.dnyem.hu\/wp-content\/uploads\/2016\/11\/IMG_20161104_1906191-1024x768.jpg 1024w\" sizes=\"(max-width: 540px) 100vw, 540px\" \/><br \/>\n<img loading=\"lazy\" class=\" wp-image-1079 aligncenter\" src=\"http:\/\/szentistvan.dnyem.hu\/wp-content\/uploads\/2016\/11\/IMG_20161104_2116511-540x405.jpg\" alt=\"img_20161104_2116511\" width=\"535\" height=\"401\" srcset=\"https:\/\/szentistvan.dnyem.hu\/wp-content\/uploads\/2016\/11\/IMG_20161104_2116511-540x405.jpg 540w, https:\/\/szentistvan.dnyem.hu\/wp-content\/uploads\/2016\/11\/IMG_20161104_2116511-768x576.jpg 768w, https:\/\/szentistvan.dnyem.hu\/wp-content\/uploads\/2016\/11\/IMG_20161104_2116511-1024x768.jpg 1024w\" sizes=\"(max-width: 535px) 100vw, 535px\" \/><br \/>\n<img loading=\"lazy\" class=\"size-medium wp-image-1080 aligncenter\" src=\"http:\/\/szentistvan.dnyem.hu\/wp-content\/uploads\/2016\/11\/IMG_20161105_0719401-540x405.jpg\" alt=\"img_20161105_0719401\" width=\"540\" height=\"405\" srcset=\"https:\/\/szentistvan.dnyem.hu\/wp-content\/uploads\/2016\/11\/IMG_20161105_0719401-540x405.jpg 540w, https:\/\/szentistvan.dnyem.hu\/wp-content\/uploads\/2016\/11\/IMG_20161105_0719401-768x576.jpg 768w, https:\/\/szentistvan.dnyem.hu\/wp-content\/uploads\/2016\/11\/IMG_20161105_0719401-1024x768.jpg 1024w\" sizes=\"(max-width: 540px) 100vw, 540px\" \/><br \/>\n<img loading=\"lazy\" class=\"size-medium wp-image-1081 aligncenter\" src=\"http:\/\/szentistvan.dnyem.hu\/wp-content\/uploads\/2016\/11\/kar1-303x540.jpg\" alt=\"kar1\" width=\"303\" height=\"540\" srcset=\"https:\/\/szentistvan.dnyem.hu\/wp-content\/uploads\/2016\/11\/kar1-303x540.jpg 303w, https:\/\/szentistvan.dnyem.hu\/wp-content\/uploads\/2016\/11\/kar1.jpg 364w\" sizes=\"(max-width: 303px) 100vw, 303px\" \/><\/p>\n","protected":false},"excerpt":{"rendered":"<p>A Debrecen-Ny\u00edregyh\u00e1zi Egyh\u00e1zmegyei Karit\u00e1sz 2016. november 3-5 k\u00f6z\u00f6tt h\u00e1romnapos lelkigyakorlatot tartott a Katolikus Karit\u00e1sz jubileumi \u00e9v\u00e9ben az Irgalmass\u00e1g Szent\u00e9v\u00e9hez kapcsol\u00f3dva Ny\u00edregyh\u00e1za-Ny\u00edrsz\u0151l\u0151s\u00f6n, a\u00a0Buczk\u00f3 Atan\u00e1z K\u00f6z\u00f6ss\u00e9gi \u00e9s&#8230;<\/p>\n","protected":false},"author":2,"featured_media":0,"comment_status":"closed","ping_status":"open","sticky":false,"template":"","format":"standard","meta":[],"categories":[5,7],"tags":[],"_links":{"self":[{"href":"https:\/\/szentistvan.dnyem.hu\/index.php?rest_route=\/wp\/v2\/posts\/1077"}],"collection":[{"href":"https:\/\/szentistvan.dnyem.hu\/index.php?rest_route=\/wp\/v2\/posts"}],"about":[{"href":"https:\/\/szentistvan.dnyem.hu\/index.php?rest_route=\/wp\/v2\/types\/post"}],"author":[{"embeddable":true,"href":"https:\/\/szentistvan.dnyem.hu\/index.php?rest_route=\/wp\/v2\/users\/2"}],"replies":[{"embeddable":true,"href":"https:\/\/szentistvan.dnyem.hu\/index.php?rest_route=%2Fwp%2Fv2%2Fcomments&post=1077"}],"version-history":[{"count":1,"href":"https:\/\/szentistvan.dnyem.hu\/index.php?rest_route=\/wp\/v2\/posts\/1077\/revisions"}],"predecessor-version":[{"id":1082,"href":"https:\/\/szentistvan.dnyem.hu\/index.php?rest_route=\/wp\/v2\/posts\/1077\/revisions\/1082"}],"wp:attachment":[{"href":"https:\/\/szentistvan.dnyem.hu\/index.php?rest_route=%2Fwp%2Fv2%2Fmedia&parent=1077"}],"wp:term":[{"taxonomy":"category","embeddable":true,"href":"https:\/\/szentistvan.dnyem.hu\/index.php?rest_route=%2Fwp%2Fv2%2Fcategories&post=1077"},{"taxonomy":"post_tag","embeddable":true,"href":"https:\/\/szentistvan.dnyem.hu\/index.php?rest_route=%2Fwp%2Fv2%2Ftags&post=1077"}],"curies":[{"name":"wp","href":"https:\/\/api.w.org\/{rel}","templated":true}]}}