{"id":1069,"date":"2016-11-06T22:38:31","date_gmt":"2016-11-06T20:38:31","guid":{"rendered":"http:\/\/szentistvan.dnyem.hu\/?p=1069"},"modified":"2016-11-15T08:50:20","modified_gmt":"2016-11-15T06:50:20","slug":"arpad-hazi-szent-erzsebet-szobor-megaldasa","status":"publish","type":"post","link":"https:\/\/szentistvan.dnyem.hu\/?p=1069","title":{"rendered":"\u00c1rp\u00e1d-h\u00e1zi Szent Erzs\u00e9bet szobr\u00e1nak meg\u00e1ld\u00e1sa"},"content":{"rendered":"<p><strong>November 20-\u00e1n,\u00a0 vas\u00e1rnap 11.00-t\u00f3l a Wolaffka-k\u00e1polna udvar\u00e1n<\/strong><\/p>\n<p>Kerekes S\u00e1ndor fafarag\u00f3 \u00c1rp\u00e1d-h\u00e1zi Szent Erzs\u00e9bet szobr\u00e1nak<\/p>\n<p>meg\u00e1ld\u00e1sa.<\/p>\n","protected":false},"excerpt":{"rendered":"<p>November 20-\u00e1n,\u00a0 vas\u00e1rnap 11.00-t\u00f3l a Wolaffka-k\u00e1polna udvar\u00e1n Kerekes S\u00e1ndor fafarag\u00f3 \u00c1rp\u00e1d-h\u00e1zi Szent Erzs\u00e9bet szobr\u00e1nak meg\u00e1ld\u00e1sa.<\/p>\n","protected":false},"author":2,"featured_media":0,"comment_status":"closed","ping_status":"open","sticky":false,"template":"","format":"standard","meta":[],"categories":[2],"tags":[],"_links":{"self":[{"href":"https:\/\/szentistvan.dnyem.hu\/index.php?rest_route=\/wp\/v2\/posts\/1069"}],"collection":[{"href":"https:\/\/szentistvan.dnyem.hu\/index.php?rest_route=\/wp\/v2\/posts"}],"about":[{"href":"https:\/\/szentistvan.dnyem.hu\/index.php?rest_route=\/wp\/v2\/types\/post"}],"author":[{"embeddable":true,"href":"https:\/\/szentistvan.dnyem.hu\/index.php?rest_route=\/wp\/v2\/users\/2"}],"replies":[{"embeddable":true,"href":"https:\/\/szentistvan.dnyem.hu\/index.php?rest_route=%2Fwp%2Fv2%2Fcomments&post=1069"}],"version-history":[{"count":2,"href":"https:\/\/szentistvan.dnyem.hu\/index.php?rest_route=\/wp\/v2\/posts\/1069\/revisions"}],"predecessor-version":[{"id":1087,"href":"https:\/\/szentistvan.dnyem.hu\/index.php?rest_route=\/wp\/v2\/posts\/1069\/revisions\/1087"}],"wp:attachment":[{"href":"https:\/\/szentistvan.dnyem.hu\/index.php?rest_route=%2Fwp%2Fv2%2Fmedia&parent=1069"}],"wp:term":[{"taxonomy":"category","embeddable":true,"href":"https:\/\/szentistvan.dnyem.hu\/index.php?rest_route=%2Fwp%2Fv2%2Fcategories&post=1069"},{"taxonomy":"post_tag","embeddable":true,"href":"https:\/\/szentistvan.dnyem.hu\/index.php?rest_route=%2Fwp%2Fv2%2Ftags&post=1069"}],"curies":[{"name":"wp","href":"https:\/\/api.w.org\/{rel}","templated":true}]}}