{"id":1067,"date":"2016-11-06T22:35:38","date_gmt":"2016-11-06T20:35:38","guid":{"rendered":"http:\/\/szentistvan.dnyem.hu\/?p=1067"},"modified":"2016-11-06T22:35:38","modified_gmt":"2016-11-06T20:35:38","slug":"gyermekdelutan-5","status":"publish","type":"post","link":"https:\/\/szentistvan.dnyem.hu\/?p=1067","title":{"rendered":"Gyermekd\u00e9lut\u00e1n"},"content":{"rendered":"<p><strong>November 19-\u00e9n (szombaton) 14.30 \u00e9s 17.30 k\u00f6z\u00f6t<\/strong>t gyermekd\u00e9lut\u00e1n a pl\u00e9b\u00e1ni\u00e1n.<\/p>\n<p>Ezzel egy id\u0151ben \u00e9s ugyanitt lesz a <strong>Gyermeknevel\u0151 Sz\u00fcl\u0151k Iskol\u00e1ja.<\/strong><\/p>\n","protected":false},"excerpt":{"rendered":"<p>November 19-\u00e9n (szombaton) 14.30 \u00e9s 17.30 k\u00f6z\u00f6tt gyermekd\u00e9lut\u00e1n a pl\u00e9b\u00e1ni\u00e1n. Ezzel egy id\u0151ben \u00e9s ugyanitt lesz a Gyermeknevel\u0151 Sz\u00fcl\u0151k Iskol\u00e1ja.<\/p>\n","protected":false},"author":2,"featured_media":0,"comment_status":"closed","ping_status":"open","sticky":false,"template":"","format":"standard","meta":[],"categories":[2],"tags":[],"_links":{"self":[{"href":"https:\/\/szentistvan.dnyem.hu\/index.php?rest_route=\/wp\/v2\/posts\/1067"}],"collection":[{"href":"https:\/\/szentistvan.dnyem.hu\/index.php?rest_route=\/wp\/v2\/posts"}],"about":[{"href":"https:\/\/szentistvan.dnyem.hu\/index.php?rest_route=\/wp\/v2\/types\/post"}],"author":[{"embeddable":true,"href":"https:\/\/szentistvan.dnyem.hu\/index.php?rest_route=\/wp\/v2\/users\/2"}],"replies":[{"embeddable":true,"href":"https:\/\/szentistvan.dnyem.hu\/index.php?rest_route=%2Fwp%2Fv2%2Fcomments&post=1067"}],"version-history":[{"count":1,"href":"https:\/\/szentistvan.dnyem.hu\/index.php?rest_route=\/wp\/v2\/posts\/1067\/revisions"}],"predecessor-version":[{"id":1068,"href":"https:\/\/szentistvan.dnyem.hu\/index.php?rest_route=\/wp\/v2\/posts\/1067\/revisions\/1068"}],"wp:attachment":[{"href":"https:\/\/szentistvan.dnyem.hu\/index.php?rest_route=%2Fwp%2Fv2%2Fmedia&parent=1067"}],"wp:term":[{"taxonomy":"category","embeddable":true,"href":"https:\/\/szentistvan.dnyem.hu\/index.php?rest_route=%2Fwp%2Fv2%2Fcategories&post=1067"},{"taxonomy":"post_tag","embeddable":true,"href":"https:\/\/szentistvan.dnyem.hu\/index.php?rest_route=%2Fwp%2Fv2%2Ftags&post=1067"}],"curies":[{"name":"wp","href":"https:\/\/api.w.org\/{rel}","templated":true}]}}