{"id":1065,"date":"2016-11-06T22:33:32","date_gmt":"2016-11-06T20:33:32","guid":{"rendered":"http:\/\/szentistvan.dnyem.hu\/?p=1065"},"modified":"2016-11-22T18:56:56","modified_gmt":"2016-11-22T16:56:56","slug":"mozi-a-plebanian","status":"publish","type":"post","link":"https:\/\/szentistvan.dnyem.hu\/?p=1065","title":{"rendered":"Mozi a pl\u00e9b\u00e1ni\u00e1n"},"content":{"rendered":"<p><strong>November 27-\u00e9n, vas\u00e1rnap 15.30-kor<\/strong> mozi a pl\u00e9b\u00e1ni\u00e1n.<\/p>\n<p><strong>Megn\u00e9zz\u00fck A j\u00f3 p\u00e1pa 2 r\u00e9szes sz\u00ednes, magyarul besz\u00e9l\u0151, olasz \u00e9letrajzi film 2. r\u00e9sz\u00e9t. <\/strong><\/p>\n<p><strong>A film XXIII. J\u00e1nos p\u00e1pa \u00e9let\u00e9t mutatja be<\/strong> gyermekkor\u00e1t\u00f3l kezdve ifj\u00fakor\u00e1n, majd p\u00e1pas\u00e1g\u00e1nak \u00e9vein \u00e1t, eg\u00e9szen hal\u00e1l\u00e1ig.<\/p>\n<p>A \u201ej\u00f3 p\u00e1pa\u201d-k\u00e9nt is ismert egyh\u00e1zi vezet\u0151 r\u00f6vid, \u00e1m mozgalmas p\u00e1pas\u00e1ga (1958\u20131963) alatt forradalmas\u00edtotta a katolikus egyh\u00e1zat.<\/p>\n<p>Fordulatokban \u00e9s j\u00f3 cselekedetekben b\u0151velked\u0151 \u00e9let\u00e9t mutatja be ez a megr\u00e1z\u00f3 \u00e9s egyben izgalmas film, amelynek rendez\u0151je Ricky Tognazzi. F\u0151szerepl\u0151k \u2013 Bob Hoskins, Erland Josephson, Carlo Cecchi, Roberto Citran, Fabrizio Vidale.<\/p>\n<p>A film k\u00e9t r\u00e9szes, \u00edgy k\u00e9t alkalommal vet\u00edtj\u00fck le, \u00e9s \u00e9rt\u00e9kel\u0151 besz\u00e9lget\u00e9st tartunk az egyes r\u00e9szek ut\u00e1n.<\/p>\n","protected":false},"excerpt":{"rendered":"<p>November 27-\u00e9n, vas\u00e1rnap 15.30-kor mozi a pl\u00e9b\u00e1ni\u00e1n. Megn\u00e9zz\u00fck A j\u00f3 p\u00e1pa 2 r\u00e9szes sz\u00ednes, magyarul besz\u00e9l\u0151, olasz \u00e9letrajzi film 2. r\u00e9sz\u00e9t. A film XXIII. J\u00e1nos&#8230;<\/p>\n","protected":false},"author":2,"featured_media":0,"comment_status":"closed","ping_status":"open","sticky":false,"template":"","format":"standard","meta":[],"categories":[2],"tags":[],"_links":{"self":[{"href":"https:\/\/szentistvan.dnyem.hu\/index.php?rest_route=\/wp\/v2\/posts\/1065"}],"collection":[{"href":"https:\/\/szentistvan.dnyem.hu\/index.php?rest_route=\/wp\/v2\/posts"}],"about":[{"href":"https:\/\/szentistvan.dnyem.hu\/index.php?rest_route=\/wp\/v2\/types\/post"}],"author":[{"embeddable":true,"href":"https:\/\/szentistvan.dnyem.hu\/index.php?rest_route=\/wp\/v2\/users\/2"}],"replies":[{"embeddable":true,"href":"https:\/\/szentistvan.dnyem.hu\/index.php?rest_route=%2Fwp%2Fv2%2Fcomments&post=1065"}],"version-history":[{"count":5,"href":"https:\/\/szentistvan.dnyem.hu\/index.php?rest_route=\/wp\/v2\/posts\/1065\/revisions"}],"predecessor-version":[{"id":1097,"href":"https:\/\/szentistvan.dnyem.hu\/index.php?rest_route=\/wp\/v2\/posts\/1065\/revisions\/1097"}],"wp:attachment":[{"href":"https:\/\/szentistvan.dnyem.hu\/index.php?rest_route=%2Fwp%2Fv2%2Fmedia&parent=1065"}],"wp:term":[{"taxonomy":"category","embeddable":true,"href":"https:\/\/szentistvan.dnyem.hu\/index.php?rest_route=%2Fwp%2Fv2%2Fcategories&post=1065"},{"taxonomy":"post_tag","embeddable":true,"href":"https:\/\/szentistvan.dnyem.hu\/index.php?rest_route=%2Fwp%2Fv2%2Ftags&post=1065"}],"curies":[{"name":"wp","href":"https:\/\/api.w.org\/{rel}","templated":true}]}}