{"id":1052,"date":"2016-10-31T16:25:13","date_gmt":"2016-10-31T14:25:13","guid":{"rendered":"http:\/\/szentistvan.dnyem.hu\/?p=1052"},"modified":"2016-10-31T16:25:13","modified_gmt":"2016-10-31T14:25:13","slug":"alapveto-tudnivalok-a-bucsurol","status":"publish","type":"post","link":"https:\/\/szentistvan.dnyem.hu\/?p=1052","title":{"rendered":"Alapvet\u0151 tudnival\u00f3k a b\u00facs\u00far\u00f3l"},"content":{"rendered":"<p>A b\u00facs\u00fa Isten sz\u00edne el\u0151tt a m\u00e1r megbocs\u00e1tott b\u0171n\u00f6k\u00e9rt j\u00e1r\u00f3 ideig tart\u00f3 b\u00fcntet\u00e9sek elenged\u00e9se, melyet a h\u00edv\u0151, aki megfelel\u0151en f\u00f6lk\u00e9sz\u00fclt \u00e9s teljes\u00edtette a kiszabott felt\u00e9teleket, elnyer az Egyh\u00e1z seg\u00edts\u00e9g\u00e9vel, mely, mint a megv\u00e1lt\u00e1s szolg\u00e1l\u00f3ja, Krisztus \u00e9s a szentek el\u00e9gt\u00e9telt ny\u00fajt\u00f3 \u00e9rdemeinek kincst\u00e1r\u00e1t hivatalosan kezeli \u00e9s r\u00e9szes\u00edt bel\u0151le.<\/p>\n<p>A b\u00facs\u00fa r\u00e9szleges vagy teljes aszerint, hogy r\u00e9szben vagy teljesen szabadit meg a b\u0171n\u00f6k\u00e9rt j\u00e1r\u00f3 ideig tart\u00f3 b\u00fcntet\u00e9sekt\u0151l.\u00a0 Mind a r\u00e9szleges, mind a teljes b\u00facs\u00fanyer\u00e9st mindig f\u00f6l lehet aj\u00e1nlani az elhunytak jav\u00e1ra, mint k\u00f6zbenj\u00e1r\u00e1st (\u00e9l\u0151k\u00e9rt nem!).<\/p>\n<p>Teljes b\u00facs\u00fat naponta csak egyszer lehet nyerni. A teljes b\u00facs\u00fa elnyer\u00e9s\u00e9hez el kell v\u00e9gezni a b\u00facs\u00faval ell\u00e1tott cselekm\u00e9nyt, \u00e9s teljes\u00edteni kell h\u00e1rom f\u00f6lt\u00e9telt: szentgy\u00f3n\u00e1s, szent\u00e1ldoz\u00e1s \u00e9s im\u00e1ds\u00e1g a Szentatya sz\u00e1nd\u00e9k\u00e1ra. Ezen fel\u00fcl sz\u00fcks\u00e9ges, hogy ki legyen z\u00e1rva minden b\u0171n\u00f6s ragaszkod\u00e1s, bele\u00e9rtve a bocs\u00e1natos b\u0171n\u00f6ket is.\u00a0Ha nincs meg ez a teljes f\u00f6lk\u00e9sz\u00fclts\u00e9g, vagy nem teljes\u00fclnek a mondott f\u00f6lt\u00e9telek, a b\u00facs\u00fa csak r\u00e9szleges lesz.<\/p>\n<p>A h\u00e1rom f\u00f6lt\u00e9telt teljes\u00edteni lehet az el\u0151\u00edrt cselekm\u00e9ny elv\u00e9gz\u00e9se el\u0151tt vagy ut\u00e1n ak\u00e1r t\u00f6bb nappal is; helyes azonban, hogy a szent\u00e1ldoz\u00e1s \u00e9s az im\u00e1ds\u00e1g a Szentatya sz\u00e1nd\u00e9k\u00e1ra azon a napon t\u00f6rt\u00e9nik, amelyen az el\u0151\u00edrt cselekedeteket elv\u00e9gezz\u00fck.<\/p>\n<p>Egyetlen szentgy\u00f3n\u00e1s ut\u00e1n t\u00f6bb teljes b\u00facs\u00fa is elnyerhet\u0151, de egy szent\u00e1ldoz\u00e1ssal \u00e9s egy a Szentatya sz\u00e1nd\u00e9k\u00e1ra mondott im\u00e1ds\u00e1ggal csak egy teljes b\u00facs\u00fat lehet nyerni.<\/p>\n<p>A Szentatya sz\u00e1nd\u00e9k\u00e1ra t\u00f6rt\u00e9n\u0151 im\u00e1dkoz\u00e1s f\u00f6lt\u00e9teleinek teljesen eleget tesz\u00fcnk, ha elmondunk a Szentatya sz\u00e1nd\u00e9k\u00e1ra egy Miaty\u00e1nkot \u00e9s egy \u00dcdv\u00f6zl\u00e9gyet. A h\u00edveknek azonban m\u00f3djukban \u00e1ll b\u00e1rmi m\u00e1s im\u00e1ds\u00e1got mondani a Szentatya sz\u00e1nd\u00e9k\u00e1ra, kinek-kinek a Szentatya ir\u00e1nti egy\u00e9ni \u00e1h\u00edtata \u00e9s tisztelete szerint.<\/p>\n","protected":false},"excerpt":{"rendered":"<p>A b\u00facs\u00fa Isten sz\u00edne el\u0151tt a m\u00e1r megbocs\u00e1tott b\u0171n\u00f6k\u00e9rt j\u00e1r\u00f3 ideig tart\u00f3 b\u00fcntet\u00e9sek elenged\u00e9se, melyet a h\u00edv\u0151, aki megfelel\u0151en f\u00f6lk\u00e9sz\u00fclt \u00e9s teljes\u00edtette a kiszabott felt\u00e9teleket,&#8230;<\/p>\n","protected":false},"author":2,"featured_media":0,"comment_status":"closed","ping_status":"open","sticky":false,"template":"","format":"standard","meta":[],"categories":[1],"tags":[],"_links":{"self":[{"href":"https:\/\/szentistvan.dnyem.hu\/index.php?rest_route=\/wp\/v2\/posts\/1052"}],"collection":[{"href":"https:\/\/szentistvan.dnyem.hu\/index.php?rest_route=\/wp\/v2\/posts"}],"about":[{"href":"https:\/\/szentistvan.dnyem.hu\/index.php?rest_route=\/wp\/v2\/types\/post"}],"author":[{"embeddable":true,"href":"https:\/\/szentistvan.dnyem.hu\/index.php?rest_route=\/wp\/v2\/users\/2"}],"replies":[{"embeddable":true,"href":"https:\/\/szentistvan.dnyem.hu\/index.php?rest_route=%2Fwp%2Fv2%2Fcomments&post=1052"}],"version-history":[{"count":1,"href":"https:\/\/szentistvan.dnyem.hu\/index.php?rest_route=\/wp\/v2\/posts\/1052\/revisions"}],"predecessor-version":[{"id":1053,"href":"https:\/\/szentistvan.dnyem.hu\/index.php?rest_route=\/wp\/v2\/posts\/1052\/revisions\/1053"}],"wp:attachment":[{"href":"https:\/\/szentistvan.dnyem.hu\/index.php?rest_route=%2Fwp%2Fv2%2Fmedia&parent=1052"}],"wp:term":[{"taxonomy":"category","embeddable":true,"href":"https:\/\/szentistvan.dnyem.hu\/index.php?rest_route=%2Fwp%2Fv2%2Fcategories&post=1052"},{"taxonomy":"post_tag","embeddable":true,"href":"https:\/\/szentistvan.dnyem.hu\/index.php?rest_route=%2Fwp%2Fv2%2Ftags&post=1052"}],"curies":[{"name":"wp","href":"https:\/\/api.w.org\/{rel}","templated":true}]}}