{"id":1045,"date":"2016-10-28T16:23:29","date_gmt":"2016-10-28T14:23:29","guid":{"rendered":"http:\/\/szentistvan.dnyem.hu\/?p=1045"},"modified":"2016-10-28T16:23:29","modified_gmt":"2016-10-28T14:23:29","slug":"hazas-hetvege","status":"publish","type":"post","link":"https:\/\/szentistvan.dnyem.hu\/?p=1045","title":{"rendered":"H\u00e1zas h\u00e9tv\u00e9ge"},"content":{"rendered":"<p><strong>November 11-13 k\u00f6z\u00f6tt H\u00e1zas H\u00e9tv\u00e9ge a Szent J\u00f3zsef Koll\u00e9giumban.<\/strong><\/p>\n<p>A H\u00e1zas H\u00e9tv\u00e9ge k\u00e9t \u00e9s f\u00e9l napos \u2014 <strong>p\u00e9ntek d\u00e9lut\u00e1nt\u00f3l vas\u00e1rnap d\u00e9lut\u00e1ni szentmis\u00e9vel z\u00e1rul\u00f3<\/strong> \u2014 szerves egys\u00e9get k\u00e9pez\u0151, egybef\u00fcgg\u0151 program. Ez jelenti, hogy nem lehet k\u00e9s\u0151bb csatlakozni, vagy csup\u00e1n egy r\u00e9sz\u00e9n r\u00e9szt venni. Elengedhetetlen az is, hogy f\u00e9rj \u00e9s feles\u00e9g k\u00f6z\u00f6s elhat\u00e1roz\u00e1ssal, v\u00e9gig egy\u00fctt legyenek jelen. <strong>A program ideje alatt \u00e9tkez\u00e9sr\u0151l, sz\u00e1ll\u00e1sr\u00f3l gondoskodnak, de gyerekek fel\u00fcgyelet\u00e9t a helysz\u00ednen nem tudj\u00e1k biztos\u00edtani.<\/strong><\/p>\n<p><strong>A H\u00e9tv\u00e9g\u00e9t h\u00e1rom h\u00e1zasp\u00e1r \u00e9s egy pap vezeti, akik saj\u00e1t \u00e9letp\u00e9ld\u00e1ikat osztj\u00e1k meg a r\u00e9sztvev\u0151kkel. <\/strong><\/p>\n<p><strong>A l\u00e9nyeg nem az, amit \u0151k elmondanak, hanem ami annak hat\u00e1sak\u00e9nt a r\u00e9sztvev\u0151kben v\u00e9gbemegy.<\/strong> Ennek \u00e9rdek\u00e9ben k\u00fcl\u00f6n szob\u00e1t kapnak, hogy ott nyugodtan megbesz\u00e9lj\u00e9k a hallottakat.<\/p>\n","protected":false},"excerpt":{"rendered":"<p>November 11-13 k\u00f6z\u00f6tt H\u00e1zas H\u00e9tv\u00e9ge a Szent J\u00f3zsef Koll\u00e9giumban. A H\u00e1zas H\u00e9tv\u00e9ge k\u00e9t \u00e9s f\u00e9l napos \u2014 p\u00e9ntek d\u00e9lut\u00e1nt\u00f3l vas\u00e1rnap d\u00e9lut\u00e1ni szentmis\u00e9vel z\u00e1rul\u00f3 \u2014 szerves&#8230;<\/p>\n","protected":false},"author":2,"featured_media":0,"comment_status":"closed","ping_status":"open","sticky":false,"template":"","format":"standard","meta":[],"categories":[2],"tags":[],"_links":{"self":[{"href":"https:\/\/szentistvan.dnyem.hu\/index.php?rest_route=\/wp\/v2\/posts\/1045"}],"collection":[{"href":"https:\/\/szentistvan.dnyem.hu\/index.php?rest_route=\/wp\/v2\/posts"}],"about":[{"href":"https:\/\/szentistvan.dnyem.hu\/index.php?rest_route=\/wp\/v2\/types\/post"}],"author":[{"embeddable":true,"href":"https:\/\/szentistvan.dnyem.hu\/index.php?rest_route=\/wp\/v2\/users\/2"}],"replies":[{"embeddable":true,"href":"https:\/\/szentistvan.dnyem.hu\/index.php?rest_route=%2Fwp%2Fv2%2Fcomments&post=1045"}],"version-history":[{"count":1,"href":"https:\/\/szentistvan.dnyem.hu\/index.php?rest_route=\/wp\/v2\/posts\/1045\/revisions"}],"predecessor-version":[{"id":1046,"href":"https:\/\/szentistvan.dnyem.hu\/index.php?rest_route=\/wp\/v2\/posts\/1045\/revisions\/1046"}],"wp:attachment":[{"href":"https:\/\/szentistvan.dnyem.hu\/index.php?rest_route=%2Fwp%2Fv2%2Fmedia&parent=1045"}],"wp:term":[{"taxonomy":"category","embeddable":true,"href":"https:\/\/szentistvan.dnyem.hu\/index.php?rest_route=%2Fwp%2Fv2%2Fcategories&post=1045"},{"taxonomy":"post_tag","embeddable":true,"href":"https:\/\/szentistvan.dnyem.hu\/index.php?rest_route=%2Fwp%2Fv2%2Ftags&post=1045"}],"curies":[{"name":"wp","href":"https:\/\/api.w.org\/{rel}","templated":true}]}}