{"id":1043,"date":"2016-10-28T16:21:23","date_gmt":"2016-10-28T14:21:23","guid":{"rendered":"http:\/\/szentistvan.dnyem.hu\/?p=1043"},"modified":"2016-10-28T16:21:23","modified_gmt":"2016-10-28T14:21:23","slug":"gyertyagyujtas-november-4-en","status":"publish","type":"post","link":"https:\/\/szentistvan.dnyem.hu\/?p=1043","title":{"rendered":"Gyertyagy\u00fajt\u00e1s november 4-\u00e9n"},"content":{"rendered":"<p><strong>November 4-\u00e9n<\/strong> \u2014 orsz\u00e1gos kezdem\u00e9nyez\u00e9sre \u2014 <strong>gyertyagy\u00fajt\u00e1ssal eml\u00e9kezz\u00fcnk az \u201856-os h\u0151s\u00f6kre a templomok k\u00f6r\u00fcl<\/strong> \u2014 alkalmasnak bizonyul\u00f3 helyen \u2014, <strong>a f\u0151- \u00e9s k\u00f6z\u00f6ss\u00e9gi tereken valamint otthonaink ablak\u00e1ban egy-egy m\u00e9cses vagy gyertya meggy\u00fajt\u00e1s\u00e1val.<\/strong><\/p>\n","protected":false},"excerpt":{"rendered":"<p>November 4-\u00e9n \u2014 orsz\u00e1gos kezdem\u00e9nyez\u00e9sre \u2014 gyertyagy\u00fajt\u00e1ssal eml\u00e9kezz\u00fcnk az \u201856-os h\u0151s\u00f6kre a templomok k\u00f6r\u00fcl \u2014 alkalmasnak bizonyul\u00f3 helyen \u2014, a f\u0151- \u00e9s k\u00f6z\u00f6ss\u00e9gi tereken valamint&#8230;<\/p>\n","protected":false},"author":2,"featured_media":0,"comment_status":"closed","ping_status":"open","sticky":false,"template":"","format":"standard","meta":[],"categories":[2],"tags":[],"_links":{"self":[{"href":"https:\/\/szentistvan.dnyem.hu\/index.php?rest_route=\/wp\/v2\/posts\/1043"}],"collection":[{"href":"https:\/\/szentistvan.dnyem.hu\/index.php?rest_route=\/wp\/v2\/posts"}],"about":[{"href":"https:\/\/szentistvan.dnyem.hu\/index.php?rest_route=\/wp\/v2\/types\/post"}],"author":[{"embeddable":true,"href":"https:\/\/szentistvan.dnyem.hu\/index.php?rest_route=\/wp\/v2\/users\/2"}],"replies":[{"embeddable":true,"href":"https:\/\/szentistvan.dnyem.hu\/index.php?rest_route=%2Fwp%2Fv2%2Fcomments&post=1043"}],"version-history":[{"count":1,"href":"https:\/\/szentistvan.dnyem.hu\/index.php?rest_route=\/wp\/v2\/posts\/1043\/revisions"}],"predecessor-version":[{"id":1044,"href":"https:\/\/szentistvan.dnyem.hu\/index.php?rest_route=\/wp\/v2\/posts\/1043\/revisions\/1044"}],"wp:attachment":[{"href":"https:\/\/szentistvan.dnyem.hu\/index.php?rest_route=%2Fwp%2Fv2%2Fmedia&parent=1043"}],"wp:term":[{"taxonomy":"category","embeddable":true,"href":"https:\/\/szentistvan.dnyem.hu\/index.php?rest_route=%2Fwp%2Fv2%2Fcategories&post=1043"},{"taxonomy":"post_tag","embeddable":true,"href":"https:\/\/szentistvan.dnyem.hu\/index.php?rest_route=%2Fwp%2Fv2%2Ftags&post=1043"}],"curies":[{"name":"wp","href":"https:\/\/api.w.org\/{rel}","templated":true}]}}