{"id":1030,"date":"2016-10-26T22:35:16","date_gmt":"2016-10-26T20:35:16","guid":{"rendered":"http:\/\/szentistvan.dnyem.hu\/?p=1030"},"modified":"2016-10-26T22:40:32","modified_gmt":"2016-10-26T20:40:32","slug":"a-szent-istvan-plebania-karitasz-csoportjanak-tevekenysege-2016-nyaran","status":"publish","type":"post","link":"https:\/\/szentistvan.dnyem.hu\/?p=1030","title":{"rendered":"A Szent Istv\u00e1n pl\u00e9b\u00e1nia karit\u00e1sz csoportj\u00e1nak tev\u00e9kenys\u00e9ge 2016 nyar\u00e1n"},"content":{"rendered":"<p>Az id\u00e9n ny\u00e1ron sem hagytuk magukra r\u00e1szorul\u00f3 testv\u00e9reinket.<\/p>\n<ul>\n<li>J\u00faliusban Ausztri\u00e1b\u00f3l \u00e9s Szlov\u00e1ki\u00e1b\u00f3l \u00e9rkezett \u00e9lelmiszereket hoztunk ny\u00edregyh\u00e1z\u00e1r\u00f3l, amiket a r\u00f6vid lej\u00e1rat\u00fa fogyaszthat\u00f3s\u00e1g miatt azonnal ki kellett osztanunk. K\u00e9t \u00e1tmeneti otthonnak vitt\u00fcnk ruh\u00e1kat \u00e9s b\u00fatort.<\/li>\n<li>A templomi adom\u00e1nygy\u0171jt\u00e9skor t\u00e1rgyi felaj\u00e1nl\u00e1s nem \u00e9rkezett, a perselyben \u00f6sszegy\u0171lt adom\u00e1nyb\u00f3l 7 neh\u00e9z helyzetben l\u00e9v\u0151 csal\u00e1dban 14 gyermek beiskol\u00e1z\u00e1s\u00e1ban tudtunk seg\u00edteni. K\u00f6sz\u00f6nj\u00fck a kedves testv\u00e9reknek nagylelk\u0171 adom\u00e1nyaikat.<\/li>\n<li>A tanszerek megv\u00e1s\u00e1rl\u00e1s\u00e1hoz a k\u00f6zponti karit\u00e1szt\u00f3l kaptunk Erzs\u00e9bet utalv\u00e1ny form\u00e1j\u00e1ban sulicsekket, amivel 4 csal\u00e1d iskolakezd\u00e9s\u00e9t t\u00e1mogattuk. Egy gyermek \u00edr\u00f3asztalt kapott.<\/li>\n<li>Szeptember h\u00f3napban a Kelet Karit\u00e1szt\u00f3l 980 kg alm\u00e1t kaptunk, aminek Ny\u00edregyh\u00e1z\u00e1r\u00f3l Debrecenbe sz\u00e1ll\u00edt\u00e1s\u00e1t Cs\u00f3ra Mikl\u00f3s testv\u00e9r\u00fcnknek k\u00f6sz\u00f6nhetj\u00fck. 280 kg alm\u00e1t a Kolping debreceni szervezet\u00e9nek aj\u00e1nlottunk fel, amivel az ingyenes \u00e9teloszt\u00e1shoz j\u00e1rultunk hozz\u00e1. \u00d6tven l\u00e1da alm\u00e1t a k\u00f6rnyezet\u00fcnkben \u00e9l\u0151 r\u00e1szorul\u00f3k, id\u0151sek \u00e9s nagycsal\u00e1dok r\u00e9sz\u00e9re, valamint k\u00e9t debreceni csal\u00e1dok \u00e1tmeneti otthona k\u00f6z\u00f6tt osztottunk sz\u00e9t. \u00cdgy nagyon sok embernek jutott a finom gy\u00fcm\u00f6lcsb\u0151l.<\/li>\n<li>Egy neh\u00e9z sors\u00fa csal\u00e1d f\u0171t\u00e9si gondjain k\u00f6nny\u00edtett a k\u00f6zponti karit\u00e1szt\u00f3l kapott k\u00e1lyha.<\/li>\n<li>Haszn\u00e1lt gyermek \u00e9s feln\u0151tt ruh\u00e1kat folyamatosan adjuk \u00e1t a sz\u00fcks\u00e9get szenved\u0151 csal\u00e1doknak \u00e9s Ervin atya seg\u00edts\u00e9g\u00e9vel Biharba is tudtunk juttatni az ottani szeg\u00e9nyeknek.<\/li>\n<\/ul>\n<p>&nbsp;<\/p>\n<div id='gallery-1' class='gallery galleryid-1030 gallery-columns-3 gallery-size-thumbnail'><figure class='gallery-item'>\n\t\t\t<div class='gallery-icon portrait'>\n\t\t\t\t<a href='https:\/\/szentistvan.dnyem.hu\/?attachment_id=1032'><img width=\"150\" height=\"150\" src=\"https:\/\/szentistvan.dnyem.hu\/wp-content\/uploads\/2016\/10\/IMG_20160727_1946131-150x150.jpg\" class=\"attachment-thumbnail size-thumbnail\" alt=\"Karit\u00e1sz, 2016 nyara\" loading=\"lazy\" aria-describedby=\"gallery-1-1032\" \/><\/a>\n\t\t\t<\/div>\n\t\t\t\t<figcaption class='wp-caption-text gallery-caption' id='gallery-1-1032'>\n\t\t\t\tKarit\u00e1sz, 2016 nyara\n\t\t\t\t<\/figcaption><\/figure><figure class='gallery-item'>\n\t\t\t<div class='gallery-icon portrait'>\n\t\t\t\t<a href='https:\/\/szentistvan.dnyem.hu\/?attachment_id=1033'><img width=\"150\" height=\"150\" src=\"https:\/\/szentistvan.dnyem.hu\/wp-content\/uploads\/2016\/10\/IMG_20160803_1957141-150x150.jpg\" class=\"attachment-thumbnail size-thumbnail\" alt=\"\" loading=\"lazy\" \/><\/a>\n\t\t\t<\/div><\/figure><figure class='gallery-item'>\n\t\t\t<div class='gallery-icon portrait'>\n\t\t\t\t<a href='https:\/\/szentistvan.dnyem.hu\/?attachment_id=1034'><img width=\"150\" height=\"150\" src=\"https:\/\/szentistvan.dnyem.hu\/wp-content\/uploads\/2016\/10\/IMG_20160926_1758241-150x150.jpg\" class=\"attachment-thumbnail size-thumbnail\" alt=\"\" loading=\"lazy\" \/><\/a>\n\t\t\t<\/div><\/figure><figure class='gallery-item'>\n\t\t\t<div class='gallery-icon portrait'>\n\t\t\t\t<a href='https:\/\/szentistvan.dnyem.hu\/?attachment_id=1035'><img width=\"150\" height=\"150\" src=\"https:\/\/szentistvan.dnyem.hu\/wp-content\/uploads\/2016\/10\/IMG_20160928_1616541-150x150.jpg\" class=\"attachment-thumbnail size-thumbnail\" alt=\"\" loading=\"lazy\" \/><\/a>\n\t\t\t<\/div><\/figure><figure class='gallery-item'>\n\t\t\t<div class='gallery-icon landscape'>\n\t\t\t\t<a href='https:\/\/szentistvan.dnyem.hu\/?attachment_id=1036'><img width=\"150\" height=\"150\" src=\"https:\/\/szentistvan.dnyem.hu\/wp-content\/uploads\/2016\/10\/IMG_20160928_1652491-150x150.jpg\" class=\"attachment-thumbnail size-thumbnail\" alt=\"\" loading=\"lazy\" \/><\/a>\n\t\t\t<\/div><\/figure>\n\t\t<\/div>\n\n","protected":false},"excerpt":{"rendered":"<p>Az id\u00e9n ny\u00e1ron sem hagytuk magukra r\u00e1szorul\u00f3 testv\u00e9reinket. J\u00faliusban Ausztri\u00e1b\u00f3l \u00e9s Szlov\u00e1ki\u00e1b\u00f3l \u00e9rkezett \u00e9lelmiszereket hoztunk ny\u00edregyh\u00e1z\u00e1r\u00f3l, amiket a r\u00f6vid lej\u00e1rat\u00fa fogyaszthat\u00f3s\u00e1g miatt azonnal ki kellett&#8230;<\/p>\n","protected":false},"author":2,"featured_media":0,"comment_status":"closed","ping_status":"open","sticky":false,"template":"","format":"standard","meta":[],"categories":[5,7],"tags":[],"_links":{"self":[{"href":"https:\/\/szentistvan.dnyem.hu\/index.php?rest_route=\/wp\/v2\/posts\/1030"}],"collection":[{"href":"https:\/\/szentistvan.dnyem.hu\/index.php?rest_route=\/wp\/v2\/posts"}],"about":[{"href":"https:\/\/szentistvan.dnyem.hu\/index.php?rest_route=\/wp\/v2\/types\/post"}],"author":[{"embeddable":true,"href":"https:\/\/szentistvan.dnyem.hu\/index.php?rest_route=\/wp\/v2\/users\/2"}],"replies":[{"embeddable":true,"href":"https:\/\/szentistvan.dnyem.hu\/index.php?rest_route=%2Fwp%2Fv2%2Fcomments&post=1030"}],"version-history":[{"count":3,"href":"https:\/\/szentistvan.dnyem.hu\/index.php?rest_route=\/wp\/v2\/posts\/1030\/revisions"}],"predecessor-version":[{"id":1038,"href":"https:\/\/szentistvan.dnyem.hu\/index.php?rest_route=\/wp\/v2\/posts\/1030\/revisions\/1038"}],"wp:attachment":[{"href":"https:\/\/szentistvan.dnyem.hu\/index.php?rest_route=%2Fwp%2Fv2%2Fmedia&parent=1030"}],"wp:term":[{"taxonomy":"category","embeddable":true,"href":"https:\/\/szentistvan.dnyem.hu\/index.php?rest_route=%2Fwp%2Fv2%2Fcategories&post=1030"},{"taxonomy":"post_tag","embeddable":true,"href":"https:\/\/szentistvan.dnyem.hu\/index.php?rest_route=%2Fwp%2Fv2%2Ftags&post=1030"}],"curies":[{"name":"wp","href":"https:\/\/api.w.org\/{rel}","templated":true}]}}