{"id":1026,"date":"2016-10-25T22:42:11","date_gmt":"2016-10-25T20:42:11","guid":{"rendered":"http:\/\/szentistvan.dnyem.hu\/?p=1026"},"modified":"2016-11-27T21:52:38","modified_gmt":"2016-11-27T19:52:38","slug":"egyhazmegyei-szavaloverseny-2","status":"publish","type":"post","link":"https:\/\/szentistvan.dnyem.hu\/?p=1026","title":{"rendered":"Egyh\u00e1zmegyei szaval\u00f3verseny"},"content":{"rendered":"<p><strong>Ny\u00edregyh\u00e1z\u00e1n az Egyh\u00e1zmegyei Lelkip\u00e1sztori Int\u00e9zetben (Kossuth t\u00e9r 4.) december 3-\u00e1n<\/strong> Egyh\u00e1zmegyei szaval\u00f3verseny.<\/p>\n<p>A K\u00e9pm\u00e1s zenekar a szaval\u00f3versenyz\u00e1r\u00f3 Mikul\u00e1s-m\u0171sorra egy dalt szerzett a gyerekeknek. A dal az al\u00e1bbi linken hallhat\u00f3:<\/p>\n<p><iframe loading=\"lazy\" width=\"500\" height=\"281\" src=\"https:\/\/www.youtube.com\/embed\/GkmHxImV8qE?feature=oembed\" frameborder=\"0\" allowfullscreen><\/iframe><\/p>\n","protected":false},"excerpt":{"rendered":"<p>Ny\u00edregyh\u00e1z\u00e1n az Egyh\u00e1zmegyei Lelkip\u00e1sztori Int\u00e9zetben (Kossuth t\u00e9r 4.) december 3-\u00e1n Egyh\u00e1zmegyei szaval\u00f3verseny. A K\u00e9pm\u00e1s zenekar a szaval\u00f3versenyz\u00e1r\u00f3 Mikul\u00e1s-m\u0171sorra egy dalt szerzett a gyerekeknek. A dal&#8230;<\/p>\n","protected":false},"author":2,"featured_media":0,"comment_status":"closed","ping_status":"open","sticky":false,"template":"","format":"standard","meta":[],"categories":[2],"tags":[],"_links":{"self":[{"href":"https:\/\/szentistvan.dnyem.hu\/index.php?rest_route=\/wp\/v2\/posts\/1026"}],"collection":[{"href":"https:\/\/szentistvan.dnyem.hu\/index.php?rest_route=\/wp\/v2\/posts"}],"about":[{"href":"https:\/\/szentistvan.dnyem.hu\/index.php?rest_route=\/wp\/v2\/types\/post"}],"author":[{"embeddable":true,"href":"https:\/\/szentistvan.dnyem.hu\/index.php?rest_route=\/wp\/v2\/users\/2"}],"replies":[{"embeddable":true,"href":"https:\/\/szentistvan.dnyem.hu\/index.php?rest_route=%2Fwp%2Fv2%2Fcomments&post=1026"}],"version-history":[{"count":5,"href":"https:\/\/szentistvan.dnyem.hu\/index.php?rest_route=\/wp\/v2\/posts\/1026\/revisions"}],"predecessor-version":[{"id":1108,"href":"https:\/\/szentistvan.dnyem.hu\/index.php?rest_route=\/wp\/v2\/posts\/1026\/revisions\/1108"}],"wp:attachment":[{"href":"https:\/\/szentistvan.dnyem.hu\/index.php?rest_route=%2Fwp%2Fv2%2Fmedia&parent=1026"}],"wp:term":[{"taxonomy":"category","embeddable":true,"href":"https:\/\/szentistvan.dnyem.hu\/index.php?rest_route=%2Fwp%2Fv2%2Fcategories&post=1026"},{"taxonomy":"post_tag","embeddable":true,"href":"https:\/\/szentistvan.dnyem.hu\/index.php?rest_route=%2Fwp%2Fv2%2Ftags&post=1026"}],"curies":[{"name":"wp","href":"https:\/\/api.w.org\/{rel}","templated":true}]}}