{"id":1021,"date":"2016-10-16T15:24:37","date_gmt":"2016-10-16T13:24:37","guid":{"rendered":"http:\/\/szentistvan.dnyem.hu\/?p=1021"},"modified":"2016-10-16T15:24:37","modified_gmt":"2016-10-16T13:24:37","slug":"onkentes-beteglatogato-kepzes","status":"publish","type":"post","link":"https:\/\/szentistvan.dnyem.hu\/?p=1021","title":{"rendered":"\u00d6nk\u00e9ntes betegl\u00e1togat\u00f3 k\u00e9pz\u00e9s"},"content":{"rendered":"<p>\u00d6nk\u00e9ntes betegl\u00e1togat\u00f3 k\u00e9pz\u00e9s indul <strong>Megtestes\u00fcl\u00e9s Pl\u00e9b\u00e1ni\u00e1n (Debrecen, Borb\u00edr\u00f3 t\u00e9r 9.)<\/strong>.<\/p>\n<p>A k\u00e9pz\u00e9s sor\u00e1n a r\u00e9sztvev\u0151k el\u0151ad\u00e1sokat hallgathatnak meg a lelkigondoz\u00f3i m\u00f3dszerekr\u0151l, a betegl\u00e1togat\u00e1s szempontjair\u00f3l, a seg\u00edt\u00e9s etik\u00e1j\u00e1r\u00f3l illetve r\u00f6vid k\u00f3rh\u00e1zi gyakorlat sor\u00e1n szerezhetnek tapasztalatot.<\/p>\n<p><strong>A k\u00e9pz\u00e9s id\u0151pontjai:<\/strong><\/p>\n<p><strong>okt. 24.:<\/strong> Laczk\u00f3 Zsolt katolikus k\u00f3rh\u00e1zlelk\u00e9sz: Ki tal\u00e1lkozik kivel?- Szempontok a betegl\u00e1togat\u00e1shoz<\/p>\n<p><strong>nov. 02.:<\/strong> Dr. Nagy Alice f\u0151orvos: Hum\u00e1nus orvosl\u00e1s<\/p>\n<p><strong>nov. 14.:<\/strong> Felf\u00f6ldi L\u00e1szl\u00f3 pl\u00e9b\u00e1nos: Betegs\u00e9g \u00e9s az emberi irgalom<\/p>\n<p><strong>nov. 21.:<\/strong> Dr. Felszeghy M\u00e1rta: \u00datit\u00e1rsk\u00e9nt a haldokl\u00f3k mellett<\/p>\n<p>&nbsp;<\/p>\n<p><strong>Az alkalmak 18:30 \u00f3r\u00e1t\u00f3l 20:00 \u00f3r\u00e1ig tartanak.<\/strong><\/p>\n<p>Akik mindegyik alkalommal r\u00e9szt vettek, igazol\u00e1st kapnak a k\u00e9pz\u00e9s elv\u00e9gz\u00e9s\u00e9r\u0151l.<\/p>\n","protected":false},"excerpt":{"rendered":"<p>\u00d6nk\u00e9ntes betegl\u00e1togat\u00f3 k\u00e9pz\u00e9s indul Megtestes\u00fcl\u00e9s Pl\u00e9b\u00e1ni\u00e1n (Debrecen, Borb\u00edr\u00f3 t\u00e9r 9.). A k\u00e9pz\u00e9s sor\u00e1n a r\u00e9sztvev\u0151k el\u0151ad\u00e1sokat hallgathatnak meg a lelkigondoz\u00f3i m\u00f3dszerekr\u0151l, a betegl\u00e1togat\u00e1s szempontjair\u00f3l, a&#8230;<\/p>\n","protected":false},"author":2,"featured_media":0,"comment_status":"closed","ping_status":"open","sticky":false,"template":"","format":"standard","meta":[],"categories":[2],"tags":[],"_links":{"self":[{"href":"https:\/\/szentistvan.dnyem.hu\/index.php?rest_route=\/wp\/v2\/posts\/1021"}],"collection":[{"href":"https:\/\/szentistvan.dnyem.hu\/index.php?rest_route=\/wp\/v2\/posts"}],"about":[{"href":"https:\/\/szentistvan.dnyem.hu\/index.php?rest_route=\/wp\/v2\/types\/post"}],"author":[{"embeddable":true,"href":"https:\/\/szentistvan.dnyem.hu\/index.php?rest_route=\/wp\/v2\/users\/2"}],"replies":[{"embeddable":true,"href":"https:\/\/szentistvan.dnyem.hu\/index.php?rest_route=%2Fwp%2Fv2%2Fcomments&post=1021"}],"version-history":[{"count":1,"href":"https:\/\/szentistvan.dnyem.hu\/index.php?rest_route=\/wp\/v2\/posts\/1021\/revisions"}],"predecessor-version":[{"id":1022,"href":"https:\/\/szentistvan.dnyem.hu\/index.php?rest_route=\/wp\/v2\/posts\/1021\/revisions\/1022"}],"wp:attachment":[{"href":"https:\/\/szentistvan.dnyem.hu\/index.php?rest_route=%2Fwp%2Fv2%2Fmedia&parent=1021"}],"wp:term":[{"taxonomy":"category","embeddable":true,"href":"https:\/\/szentistvan.dnyem.hu\/index.php?rest_route=%2Fwp%2Fv2%2Fcategories&post=1021"},{"taxonomy":"post_tag","embeddable":true,"href":"https:\/\/szentistvan.dnyem.hu\/index.php?rest_route=%2Fwp%2Fv2%2Ftags&post=1021"}],"curies":[{"name":"wp","href":"https:\/\/api.w.org\/{rel}","templated":true}]}}