{"id":1011,"date":"2016-10-07T21:46:43","date_gmt":"2016-10-07T19:46:43","guid":{"rendered":"http:\/\/szentistvan.dnyem.hu\/?p=1011"},"modified":"2016-10-07T21:46:43","modified_gmt":"2016-10-07T19:46:43","slug":"katolikus-kalendarium-es-naptar-2017-re","status":"publish","type":"post","link":"https:\/\/szentistvan.dnyem.hu\/?p=1011","title":{"rendered":"Katolikus Kalend\u00e1rium \u00e9s napt\u00e1r 2017-re"},"content":{"rendered":"<p>Rendelhetnek Katolikus Kalend\u00e1riumot \u00e9s napt\u00e1rt 2017-re.<\/p>\n<p>Ezek mintap\u00e9ld\u00e1nyai megtekinthet\u0151k az \u00fajs\u00e1gos asztalon.<\/p>\n<p>J\u00f3l olvashat\u00f3 nevet \u00e9s darabsz\u00e1mot kell \u00edrni a megfelel\u0151 oszlopba.<\/p>\n","protected":false},"excerpt":{"rendered":"<p>Rendelhetnek Katolikus Kalend\u00e1riumot \u00e9s napt\u00e1rt 2017-re. Ezek mintap\u00e9ld\u00e1nyai megtekinthet\u0151k az \u00fajs\u00e1gos asztalon. J\u00f3l olvashat\u00f3 nevet \u00e9s darabsz\u00e1mot kell \u00edrni a megfelel\u0151 oszlopba.<\/p>\n","protected":false},"author":2,"featured_media":0,"comment_status":"closed","ping_status":"open","sticky":false,"template":"","format":"standard","meta":[],"categories":[1],"tags":[],"_links":{"self":[{"href":"https:\/\/szentistvan.dnyem.hu\/index.php?rest_route=\/wp\/v2\/posts\/1011"}],"collection":[{"href":"https:\/\/szentistvan.dnyem.hu\/index.php?rest_route=\/wp\/v2\/posts"}],"about":[{"href":"https:\/\/szentistvan.dnyem.hu\/index.php?rest_route=\/wp\/v2\/types\/post"}],"author":[{"embeddable":true,"href":"https:\/\/szentistvan.dnyem.hu\/index.php?rest_route=\/wp\/v2\/users\/2"}],"replies":[{"embeddable":true,"href":"https:\/\/szentistvan.dnyem.hu\/index.php?rest_route=%2Fwp%2Fv2%2Fcomments&post=1011"}],"version-history":[{"count":1,"href":"https:\/\/szentistvan.dnyem.hu\/index.php?rest_route=\/wp\/v2\/posts\/1011\/revisions"}],"predecessor-version":[{"id":1012,"href":"https:\/\/szentistvan.dnyem.hu\/index.php?rest_route=\/wp\/v2\/posts\/1011\/revisions\/1012"}],"wp:attachment":[{"href":"https:\/\/szentistvan.dnyem.hu\/index.php?rest_route=%2Fwp%2Fv2%2Fmedia&parent=1011"}],"wp:term":[{"taxonomy":"category","embeddable":true,"href":"https:\/\/szentistvan.dnyem.hu\/index.php?rest_route=%2Fwp%2Fv2%2Fcategories&post=1011"},{"taxonomy":"post_tag","embeddable":true,"href":"https:\/\/szentistvan.dnyem.hu\/index.php?rest_route=%2Fwp%2Fv2%2Ftags&post=1011"}],"curies":[{"name":"wp","href":"https:\/\/api.w.org\/{rel}","templated":true}]}}