{"id":1008,"date":"2016-10-07T21:43:20","date_gmt":"2016-10-07T19:43:20","guid":{"rendered":"http:\/\/szentistvan.dnyem.hu\/?p=1008"},"modified":"2016-10-16T15:07:05","modified_gmt":"2016-10-16T13:07:05","slug":"filmvetites-a-plebanian","status":"publish","type":"post","link":"https:\/\/szentistvan.dnyem.hu\/?p=1008","title":{"rendered":"Filmvet\u00edt\u00e9s a pl\u00e9b\u00e1ni\u00e1n"},"content":{"rendered":"<p><strong>Okt\u00f3ber 16-\u00e1n 16.00-t\u00f3l<\/strong> filmvet\u00edt\u00e9s a pl\u00e9b\u00e1ni\u00e1n.<\/p>\n<p>A film c\u00edme: <strong>Mindszenty \u2013 Szeretlek Fauszt<\/strong><\/p>\n<p>Rendez\u0151je Pozsgai Zsolt.<\/p>\n<p>A film hossza 68 perc.<\/p>\n<p>T\u00e9m\u00e1ja a krisztusi hit \u00e9s a hazaszeretet. Err\u0151l lesz besz\u00e9lget\u00e9s a filmn\u00e9z\u00e9s ut\u00e1n.<\/p>\n<p>Pap \u00e9s Sz\u00edn\u00e9sz. Mindszenty J\u00f3zsef, a p\u00fcsp\u00f6k &#8211; J\u00e1vor P\u00e1l, a Sz\u00edn\u00e9sz. K\u00f6z\u00f6s sors 1944-ben, a sopronk\u0151hidai fegyh\u00e1zban. A tal\u00e1lkoz\u00e1sb\u00f3l pokolj\u00e1r\u00e1s lesz. J\u00e1vor v\u00e9gigvezeti a Papot \u00e9let\u00e9nek legfontosabb \u00e1llom\u00e1sain addig &#8211; \u00e9s a j\u00f6v\u0151ben, hal\u00e1l\u00e1ig. K\u00f6zben a h\u00e1tt\u00e9rben az eg\u00e9sz magyar XX. sz\u00e1zad. Ismert t\u00f6rt\u00e9nelmi alakok, nem ismert helyzetek.<\/p>\n","protected":false},"excerpt":{"rendered":"<p>Okt\u00f3ber 16-\u00e1n 16.00-t\u00f3l filmvet\u00edt\u00e9s a pl\u00e9b\u00e1ni\u00e1n. A film c\u00edme: Mindszenty \u2013 Szeretlek Fauszt Rendez\u0151je Pozsgai Zsolt. A film hossza 68 perc. T\u00e9m\u00e1ja a krisztusi hit&#8230;<\/p>\n","protected":false},"author":2,"featured_media":0,"comment_status":"closed","ping_status":"open","sticky":false,"template":"","format":"standard","meta":[],"categories":[2],"tags":[],"_links":{"self":[{"href":"https:\/\/szentistvan.dnyem.hu\/index.php?rest_route=\/wp\/v2\/posts\/1008"}],"collection":[{"href":"https:\/\/szentistvan.dnyem.hu\/index.php?rest_route=\/wp\/v2\/posts"}],"about":[{"href":"https:\/\/szentistvan.dnyem.hu\/index.php?rest_route=\/wp\/v2\/types\/post"}],"author":[{"embeddable":true,"href":"https:\/\/szentistvan.dnyem.hu\/index.php?rest_route=\/wp\/v2\/users\/2"}],"replies":[{"embeddable":true,"href":"https:\/\/szentistvan.dnyem.hu\/index.php?rest_route=%2Fwp%2Fv2%2Fcomments&post=1008"}],"version-history":[{"count":3,"href":"https:\/\/szentistvan.dnyem.hu\/index.php?rest_route=\/wp\/v2\/posts\/1008\/revisions"}],"predecessor-version":[{"id":1016,"href":"https:\/\/szentistvan.dnyem.hu\/index.php?rest_route=\/wp\/v2\/posts\/1008\/revisions\/1016"}],"wp:attachment":[{"href":"https:\/\/szentistvan.dnyem.hu\/index.php?rest_route=%2Fwp%2Fv2%2Fmedia&parent=1008"}],"wp:term":[{"taxonomy":"category","embeddable":true,"href":"https:\/\/szentistvan.dnyem.hu\/index.php?rest_route=%2Fwp%2Fv2%2Fcategories&post=1008"},{"taxonomy":"post_tag","embeddable":true,"href":"https:\/\/szentistvan.dnyem.hu\/index.php?rest_route=%2Fwp%2Fv2%2Ftags&post=1008"}],"curies":[{"name":"wp","href":"https:\/\/api.w.org\/{rel}","templated":true}]}}